{"id":345,"date":"2018-02-09T12:34:22","date_gmt":"2018-02-09T11:34:22","guid":{"rendered":"https:\/\/cadr.redemptor.pl\/krakow\/?p=345"},"modified":"2018-02-09T12:35:39","modified_gmt":"2018-02-09T11:35:39","slug":"majowka-dla-kobiet-piekno-i-sila-kobiecosci","status":"publish","type":"post","link":"https:\/\/cadr.redemptor.pl\/krakow\/2018\/02\/09\/majowka-dla-kobiet-piekno-i-sila-kobiecosci\/","title":{"rendered":"Maj\u00f3wka dla Kobiet. Pi\u0119kno i si\u0142a kobieco\u015bci"},"content":{"rendered":"<p>Zapraszamy w dniach 11 -13 maja do Krakowa na rekolekcje dla kobiet organizowane przez Wsp\u00f3lnot\u0119 Dzielne Niewiasty. W tym roku temat maj\u00f3wki to &#8222;Pi\u0119kno i si\u0142a kobieco\u015bci&#8221;. Rekolekcje prowadzi pani Irena Neumueler. Serdecznie zapraszamy kobiety ka\u017cdego wieku i stanu. Wi\u0119cej informacji na <a href=\"https:\/\/cadr.redemptor.pl\/krakow\/event\/majowka-dla-kobiet-kurs-estera\/\" target=\"_blank\" rel=\"noopener\">stronie wydarzenia&gt;&gt;&gt;<\/a><\/p>\n","protected":false},"excerpt":{"rendered":"<p>Zapraszamy w dniach 11 -13 maja do Krakowa na rekolekcje dla kobiet organizowane przez Wsp\u00f3lnot\u0119 Dzielne Niewiasty. W tym roku temat maj\u00f3wki to &#8222;Pi\u0119kno i si\u0142a kobieco\u015bci&#8221;. Rekolekcje prowadzi pani &hellip; <a href=\"https:\/\/cadr.redemptor.pl\/krakow\/2018\/02\/09\/majowka-dla-kobiet-piekno-i-sila-kobiecosci\/\" class=\"more-link\">Czytaj dalej<span class=\"screen-reader-text\"> \u201eMaj\u00f3wka dla Kobiet. Pi\u0119kno i si\u0142a kobieco\u015bci\u201d<\/span><\/a><\/p>\n","protected":false},"author":1,"featured_media":289,"comment_status":"open","ping_status":"open","sticky":false,"template":"","format":"standard","meta":{"_EventAllDay":false,"_EventTimezone":"","_EventStartDate":"","_EventEndDate":"","_EventStartDateUTC":"","_EventEndDateUTC":"","_EventShowMap":false,"_EventShowMapLink":false,"_EventURL":"","_EventCost":"","_EventCostDescription":"","_EventCurrencySymbol":"","_EventCurrencyCode":"","_EventCurrencyPosition":"","_EventDateTimeSeparator":"","_EventTimeRangeSeparator":"","_EventOrganizerID":[],"_EventVenueID":[],"_OrganizerEmail":"","_OrganizerPhone":"","_OrganizerWebsite":"","_VenueAddress":"","_VenueCity":"","_VenueCountry":"","_VenueProvince":"","_VenueState":"","_VenueZip":"","_VenuePhone":"","_VenueURL":"","_VenueStateProvince":"","_VenueLat":"","_VenueLng":"","_VenueShowMap":false,"_VenueShowMapLink":false,"_price":"","_stock":"","_tribe_ticket_header":"","_tribe_default_ticket_provider":"","_tribe_ticket_capacity":"","_ticket_start_date":"","_ticket_end_date":"","_tribe_ticket_show_description":"","_tribe_ticket_show_not_going":false,"_tribe_ticket_use_global_stock":"","_tribe_ticket_global_stock_level":"","_global_stock_mode":"","_global_stock_cap":"","_tribe_rsvp_for_event":"","_tribe_ticket_going_count":"","_tribe_ticket_not_going_count":"","_tribe_tickets_list":"[]","_tribe_ticket_has_attendee_info_fields":false,"_themeisle_gutenberg_block_has_review":false,"jetpack_post_was_ever_published":false,"_jetpack_newsletter_access":"","_jetpack_dont_email_post_to_subs":false,"_jetpack_newsletter_tier_id":0,"_jetpack_memberships_contains_paywalled_content":false,"_jetpack_memberships_contains_paid_content":false,"footnotes":"","jetpack_publicize_message":"","jetpack_publicize_feature_enabled":true,"jetpack_social_post_already_shared":true,"jetpack_social_options":{"image_generator_settings":{"template":"highway","default_image_id":0,"font":"","enabled":false},"version":2}},"categories":[4,8],"tags":[],"class_list":["post-345","post","type-post","status-publish","format-standard","has-post-thumbnail","hentry","category-rekolekcje","category-zapowiedzi"],"yoast_head":"<!-- This site is optimized with the Yoast SEO plugin v27.4 - https:\/\/yoast.com\/product\/yoast-seo-wordpress\/ -->\n<title>Maj\u00f3wka dla Kobiet. Pi\u0119kno i si\u0142a kobieco\u015bci - CADR Krak\u00f3w<\/title>\n<meta name=\"robots\" content=\"index, follow, max-snippet:-1, max-image-preview:large, max-video-preview:-1\" \/>\n<link rel=\"canonical\" href=\"https:\/\/cadr.redemptor.pl\/krakow\/2018\/02\/09\/majowka-dla-kobiet-piekno-i-sila-kobiecosci\/\" \/>\n<meta property=\"og:locale\" content=\"pl_PL\" \/>\n<meta property=\"og:type\" content=\"article\" \/>\n<meta property=\"og:title\" content=\"Maj\u00f3wka dla Kobiet. Pi\u0119kno i si\u0142a kobieco\u015bci - CADR Krak\u00f3w\" \/>\n<meta property=\"og:description\" content=\"Zapraszamy w dniach 11 -13 maja do Krakowa na rekolekcje dla kobiet organizowane przez Wsp\u00f3lnot\u0119 Dzielne Niewiasty. W tym roku temat maj\u00f3wki to &#8222;Pi\u0119kno i si\u0142a kobieco\u015bci&#8221;. Rekolekcje prowadzi pani &hellip; Czytaj dalej \u201eMaj\u00f3wka dla Kobiet. Pi\u0119kno i si\u0142a kobieco\u015bci\u201d\" \/>\n<meta property=\"og:url\" content=\"https:\/\/cadr.redemptor.pl\/krakow\/2018\/02\/09\/majowka-dla-kobiet-piekno-i-sila-kobiecosci\/\" \/>\n<meta property=\"og:site_name\" content=\"CADR Krak\u00f3w\" \/>\n<meta property=\"article:published_time\" content=\"2018-02-09T11:34:22+00:00\" \/>\n<meta property=\"article:modified_time\" content=\"2018-02-09T11:35:39+00:00\" \/>\n<meta property=\"og:image\" content=\"https:\/\/cadr.redemptor.pl\/krakow\/wp-content\/uploads\/sites\/2\/2017\/11\/kobiety.jpg\" \/>\n\t<meta property=\"og:image:width\" content=\"1280\" \/>\n\t<meta property=\"og:image:height\" content=\"853\" \/>\n\t<meta property=\"og:image:type\" content=\"image\/jpeg\" \/>\n<meta name=\"author\" content=\"CADR\" \/>\n<meta name=\"twitter:card\" content=\"summary_large_image\" \/>\n<meta name=\"twitter:label1\" content=\"Napisane przez\" \/>\n\t<meta name=\"twitter:data1\" content=\"CADR\" \/>\n<script type=\"application\/ld+json\" class=\"yoast-schema-graph\">{\"@context\":\"https:\\\/\\\/schema.org\",\"@graph\":[{\"@type\":\"Article\",\"@id\":\"https:\\\/\\\/cadr.redemptor.pl\\\/krakow\\\/2018\\\/02\\\/09\\\/majowka-dla-kobiet-piekno-i-sila-kobiecosci\\\/#article\",\"isPartOf\":{\"@id\":\"https:\\\/\\\/cadr.redemptor.pl\\\/krakow\\\/2018\\\/02\\\/09\\\/majowka-dla-kobiet-piekno-i-sila-kobiecosci\\\/\"},\"author\":{\"name\":\"CADR\",\"@id\":\"https:\\\/\\\/cadr.redemptor.pl\\\/krakow\\\/#\\\/schema\\\/person\\\/65335af2f2c18dfb78eb5fbc2cb9128b\"},\"headline\":\"Maj\u00f3wka dla Kobiet. Pi\u0119kno i si\u0142a kobieco\u015bci\",\"datePublished\":\"2018-02-09T11:34:22+00:00\",\"dateModified\":\"2018-02-09T11:35:39+00:00\",\"mainEntityOfPage\":{\"@id\":\"https:\\\/\\\/cadr.redemptor.pl\\\/krakow\\\/2018\\\/02\\\/09\\\/majowka-dla-kobiet-piekno-i-sila-kobiecosci\\\/\"},\"wordCount\":64,\"commentCount\":0,\"image\":{\"@id\":\"https:\\\/\\\/cadr.redemptor.pl\\\/krakow\\\/2018\\\/02\\\/09\\\/majowka-dla-kobiet-piekno-i-sila-kobiecosci\\\/#primaryimage\"},\"thumbnailUrl\":\"https:\\\/\\\/cadr.redemptor.pl\\\/krakow\\\/wp-content\\\/uploads\\\/sites\\\/2\\\/2017\\\/11\\\/kobiety.jpg\",\"articleSection\":[\"Rekolekcje\",\"Zapowiedzi\"],\"inLanguage\":\"pl-PL\",\"potentialAction\":[{\"@type\":\"CommentAction\",\"name\":\"Comment\",\"target\":[\"https:\\\/\\\/cadr.redemptor.pl\\\/krakow\\\/2018\\\/02\\\/09\\\/majowka-dla-kobiet-piekno-i-sila-kobiecosci\\\/#respond\"]}]},{\"@type\":\"WebPage\",\"@id\":\"https:\\\/\\\/cadr.redemptor.pl\\\/krakow\\\/2018\\\/02\\\/09\\\/majowka-dla-kobiet-piekno-i-sila-kobiecosci\\\/\",\"url\":\"https:\\\/\\\/cadr.redemptor.pl\\\/krakow\\\/2018\\\/02\\\/09\\\/majowka-dla-kobiet-piekno-i-sila-kobiecosci\\\/\",\"name\":\"Maj\u00f3wka dla Kobiet. Pi\u0119kno i si\u0142a kobieco\u015bci - CADR Krak\u00f3w\",\"isPartOf\":{\"@id\":\"https:\\\/\\\/cadr.redemptor.pl\\\/krakow\\\/#website\"},\"primaryImageOfPage\":{\"@id\":\"https:\\\/\\\/cadr.redemptor.pl\\\/krakow\\\/2018\\\/02\\\/09\\\/majowka-dla-kobiet-piekno-i-sila-kobiecosci\\\/#primaryimage\"},\"image\":{\"@id\":\"https:\\\/\\\/cadr.redemptor.pl\\\/krakow\\\/2018\\\/02\\\/09\\\/majowka-dla-kobiet-piekno-i-sila-kobiecosci\\\/#primaryimage\"},\"thumbnailUrl\":\"https:\\\/\\\/cadr.redemptor.pl\\\/krakow\\\/wp-content\\\/uploads\\\/sites\\\/2\\\/2017\\\/11\\\/kobiety.jpg\",\"datePublished\":\"2018-02-09T11:34:22+00:00\",\"dateModified\":\"2018-02-09T11:35:39+00:00\",\"author\":{\"@id\":\"https:\\\/\\\/cadr.redemptor.pl\\\/krakow\\\/#\\\/schema\\\/person\\\/65335af2f2c18dfb78eb5fbc2cb9128b\"},\"breadcrumb\":{\"@id\":\"https:\\\/\\\/cadr.redemptor.pl\\\/krakow\\\/2018\\\/02\\\/09\\\/majowka-dla-kobiet-piekno-i-sila-kobiecosci\\\/#breadcrumb\"},\"inLanguage\":\"pl-PL\",\"potentialAction\":[{\"@type\":\"ReadAction\",\"target\":[\"https:\\\/\\\/cadr.redemptor.pl\\\/krakow\\\/2018\\\/02\\\/09\\\/majowka-dla-kobiet-piekno-i-sila-kobiecosci\\\/\"]}]},{\"@type\":\"ImageObject\",\"inLanguage\":\"pl-PL\",\"@id\":\"https:\\\/\\\/cadr.redemptor.pl\\\/krakow\\\/2018\\\/02\\\/09\\\/majowka-dla-kobiet-piekno-i-sila-kobiecosci\\\/#primaryimage\",\"url\":\"https:\\\/\\\/cadr.redemptor.pl\\\/krakow\\\/wp-content\\\/uploads\\\/sites\\\/2\\\/2017\\\/11\\\/kobiety.jpg\",\"contentUrl\":\"https:\\\/\\\/cadr.redemptor.pl\\\/krakow\\\/wp-content\\\/uploads\\\/sites\\\/2\\\/2017\\\/11\\\/kobiety.jpg\",\"width\":1280,\"height\":853},{\"@type\":\"BreadcrumbList\",\"@id\":\"https:\\\/\\\/cadr.redemptor.pl\\\/krakow\\\/2018\\\/02\\\/09\\\/majowka-dla-kobiet-piekno-i-sila-kobiecosci\\\/#breadcrumb\",\"itemListElement\":[{\"@type\":\"ListItem\",\"position\":1,\"name\":\"Strona g\u0142\u00f3wna\",\"item\":\"https:\\\/\\\/cadr.redemptor.pl\\\/krakow\\\/\"},{\"@type\":\"ListItem\",\"position\":2,\"name\":\"Maj\u00f3wka dla Kobiet. Pi\u0119kno i si\u0142a kobieco\u015bci\"}]},{\"@type\":\"WebSite\",\"@id\":\"https:\\\/\\\/cadr.redemptor.pl\\\/krakow\\\/#website\",\"url\":\"https:\\\/\\\/cadr.redemptor.pl\\\/krakow\\\/\",\"name\":\"CADR Krak\u00f3w\",\"description\":\"Dom Rekolekcyjny Matki Bo\u017cej Nieustaj\u0105cej Pomocy\",\"potentialAction\":[{\"@type\":\"SearchAction\",\"target\":{\"@type\":\"EntryPoint\",\"urlTemplate\":\"https:\\\/\\\/cadr.redemptor.pl\\\/krakow\\\/?s={search_term_string}\"},\"query-input\":{\"@type\":\"PropertyValueSpecification\",\"valueRequired\":true,\"valueName\":\"search_term_string\"}}],\"inLanguage\":\"pl-PL\"},{\"@type\":\"Person\",\"@id\":\"https:\\\/\\\/cadr.redemptor.pl\\\/krakow\\\/#\\\/schema\\\/person\\\/65335af2f2c18dfb78eb5fbc2cb9128b\",\"name\":\"CADR\",\"image\":{\"@type\":\"ImageObject\",\"inLanguage\":\"pl-PL\",\"@id\":\"https:\\\/\\\/secure.gravatar.com\\\/avatar\\\/200b93d32f585e4b9aa74bcff9645b4278ea5304009cb5a34cb024bfbf158691?s=96&d=mm&r=g\",\"url\":\"https:\\\/\\\/secure.gravatar.com\\\/avatar\\\/200b93d32f585e4b9aa74bcff9645b4278ea5304009cb5a34cb024bfbf158691?s=96&d=mm&r=g\",\"contentUrl\":\"https:\\\/\\\/secure.gravatar.com\\\/avatar\\\/200b93d32f585e4b9aa74bcff9645b4278ea5304009cb5a34cb024bfbf158691?s=96&d=mm&r=g\",\"caption\":\"CADR\"},\"url\":\"https:\\\/\\\/cadr.redemptor.pl\\\/krakow\\\/author\\\/admin\\\/\"}]}<\/script>\n<!-- \/ Yoast SEO plugin. -->","yoast_head_json":{"title":"Maj\u00f3wka dla Kobiet. Pi\u0119kno i si\u0142a kobieco\u015bci - CADR Krak\u00f3w","robots":{"index":"index","follow":"follow","max-snippet":"max-snippet:-1","max-image-preview":"max-image-preview:large","max-video-preview":"max-video-preview:-1"},"canonical":"https:\/\/cadr.redemptor.pl\/krakow\/2018\/02\/09\/majowka-dla-kobiet-piekno-i-sila-kobiecosci\/","og_locale":"pl_PL","og_type":"article","og_title":"Maj\u00f3wka dla Kobiet. Pi\u0119kno i si\u0142a kobieco\u015bci - CADR Krak\u00f3w","og_description":"Zapraszamy w dniach 11 -13 maja do Krakowa na rekolekcje dla kobiet organizowane przez Wsp\u00f3lnot\u0119 Dzielne Niewiasty. W tym roku temat maj\u00f3wki to &#8222;Pi\u0119kno i si\u0142a kobieco\u015bci&#8221;. Rekolekcje prowadzi pani &hellip; Czytaj dalej \u201eMaj\u00f3wka dla Kobiet. Pi\u0119kno i si\u0142a kobieco\u015bci\u201d","og_url":"https:\/\/cadr.redemptor.pl\/krakow\/2018\/02\/09\/majowka-dla-kobiet-piekno-i-sila-kobiecosci\/","og_site_name":"CADR Krak\u00f3w","article_published_time":"2018-02-09T11:34:22+00:00","article_modified_time":"2018-02-09T11:35:39+00:00","og_image":[{"width":1280,"height":853,"url":"https:\/\/cadr.redemptor.pl\/krakow\/wp-content\/uploads\/sites\/2\/2017\/11\/kobiety.jpg","type":"image\/jpeg"}],"author":"CADR","twitter_card":"summary_large_image","twitter_misc":{"Napisane przez":"CADR"},"schema":{"@context":"https:\/\/schema.org","@graph":[{"@type":"Article","@id":"https:\/\/cadr.redemptor.pl\/krakow\/2018\/02\/09\/majowka-dla-kobiet-piekno-i-sila-kobiecosci\/#article","isPartOf":{"@id":"https:\/\/cadr.redemptor.pl\/krakow\/2018\/02\/09\/majowka-dla-kobiet-piekno-i-sila-kobiecosci\/"},"author":{"name":"CADR","@id":"https:\/\/cadr.redemptor.pl\/krakow\/#\/schema\/person\/65335af2f2c18dfb78eb5fbc2cb9128b"},"headline":"Maj\u00f3wka dla Kobiet. Pi\u0119kno i si\u0142a kobieco\u015bci","datePublished":"2018-02-09T11:34:22+00:00","dateModified":"2018-02-09T11:35:39+00:00","mainEntityOfPage":{"@id":"https:\/\/cadr.redemptor.pl\/krakow\/2018\/02\/09\/majowka-dla-kobiet-piekno-i-sila-kobiecosci\/"},"wordCount":64,"commentCount":0,"image":{"@id":"https:\/\/cadr.redemptor.pl\/krakow\/2018\/02\/09\/majowka-dla-kobiet-piekno-i-sila-kobiecosci\/#primaryimage"},"thumbnailUrl":"https:\/\/cadr.redemptor.pl\/krakow\/wp-content\/uploads\/sites\/2\/2017\/11\/kobiety.jpg","articleSection":["Rekolekcje","Zapowiedzi"],"inLanguage":"pl-PL","potentialAction":[{"@type":"CommentAction","name":"Comment","target":["https:\/\/cadr.redemptor.pl\/krakow\/2018\/02\/09\/majowka-dla-kobiet-piekno-i-sila-kobiecosci\/#respond"]}]},{"@type":"WebPage","@id":"https:\/\/cadr.redemptor.pl\/krakow\/2018\/02\/09\/majowka-dla-kobiet-piekno-i-sila-kobiecosci\/","url":"https:\/\/cadr.redemptor.pl\/krakow\/2018\/02\/09\/majowka-dla-kobiet-piekno-i-sila-kobiecosci\/","name":"Maj\u00f3wka dla Kobiet. Pi\u0119kno i si\u0142a kobieco\u015bci - CADR Krak\u00f3w","isPartOf":{"@id":"https:\/\/cadr.redemptor.pl\/krakow\/#website"},"primaryImageOfPage":{"@id":"https:\/\/cadr.redemptor.pl\/krakow\/2018\/02\/09\/majowka-dla-kobiet-piekno-i-sila-kobiecosci\/#primaryimage"},"image":{"@id":"https:\/\/cadr.redemptor.pl\/krakow\/2018\/02\/09\/majowka-dla-kobiet-piekno-i-sila-kobiecosci\/#primaryimage"},"thumbnailUrl":"https:\/\/cadr.redemptor.pl\/krakow\/wp-content\/uploads\/sites\/2\/2017\/11\/kobiety.jpg","datePublished":"2018-02-09T11:34:22+00:00","dateModified":"2018-02-09T11:35:39+00:00","author":{"@id":"https:\/\/cadr.redemptor.pl\/krakow\/#\/schema\/person\/65335af2f2c18dfb78eb5fbc2cb9128b"},"breadcrumb":{"@id":"https:\/\/cadr.redemptor.pl\/krakow\/2018\/02\/09\/majowka-dla-kobiet-piekno-i-sila-kobiecosci\/#breadcrumb"},"inLanguage":"pl-PL","potentialAction":[{"@type":"ReadAction","target":["https:\/\/cadr.redemptor.pl\/krakow\/2018\/02\/09\/majowka-dla-kobiet-piekno-i-sila-kobiecosci\/"]}]},{"@type":"ImageObject","inLanguage":"pl-PL","@id":"https:\/\/cadr.redemptor.pl\/krakow\/2018\/02\/09\/majowka-dla-kobiet-piekno-i-sila-kobiecosci\/#primaryimage","url":"https:\/\/cadr.redemptor.pl\/krakow\/wp-content\/uploads\/sites\/2\/2017\/11\/kobiety.jpg","contentUrl":"https:\/\/cadr.redemptor.pl\/krakow\/wp-content\/uploads\/sites\/2\/2017\/11\/kobiety.jpg","width":1280,"height":853},{"@type":"BreadcrumbList","@id":"https:\/\/cadr.redemptor.pl\/krakow\/2018\/02\/09\/majowka-dla-kobiet-piekno-i-sila-kobiecosci\/#breadcrumb","itemListElement":[{"@type":"ListItem","position":1,"name":"Strona g\u0142\u00f3wna","item":"https:\/\/cadr.redemptor.pl\/krakow\/"},{"@type":"ListItem","position":2,"name":"Maj\u00f3wka dla Kobiet. Pi\u0119kno i si\u0142a kobieco\u015bci"}]},{"@type":"WebSite","@id":"https:\/\/cadr.redemptor.pl\/krakow\/#website","url":"https:\/\/cadr.redemptor.pl\/krakow\/","name":"CADR Krak\u00f3w","description":"Dom Rekolekcyjny Matki Bo\u017cej Nieustaj\u0105cej Pomocy","potentialAction":[{"@type":"SearchAction","target":{"@type":"EntryPoint","urlTemplate":"https:\/\/cadr.redemptor.pl\/krakow\/?s={search_term_string}"},"query-input":{"@type":"PropertyValueSpecification","valueRequired":true,"valueName":"search_term_string"}}],"inLanguage":"pl-PL"},{"@type":"Person","@id":"https:\/\/cadr.redemptor.pl\/krakow\/#\/schema\/person\/65335af2f2c18dfb78eb5fbc2cb9128b","name":"CADR","image":{"@type":"ImageObject","inLanguage":"pl-PL","@id":"https:\/\/secure.gravatar.com\/avatar\/200b93d32f585e4b9aa74bcff9645b4278ea5304009cb5a34cb024bfbf158691?s=96&d=mm&r=g","url":"https:\/\/secure.gravatar.com\/avatar\/200b93d32f585e4b9aa74bcff9645b4278ea5304009cb5a34cb024bfbf158691?s=96&d=mm&r=g","contentUrl":"https:\/\/secure.gravatar.com\/avatar\/200b93d32f585e4b9aa74bcff9645b4278ea5304009cb5a34cb024bfbf158691?s=96&d=mm&r=g","caption":"CADR"},"url":"https:\/\/cadr.redemptor.pl\/krakow\/author\/admin\/"}]}},"jetpack_publicize_connections":[],"jetpack_featured_media_url":"https:\/\/cadr.redemptor.pl\/krakow\/wp-content\/uploads\/sites\/2\/2017\/11\/kobiety.jpg","jetpack_sharing_enabled":true,"jetpack_shortlink":"https:\/\/wp.me\/p7Qs26-5z","_links":{"self":[{"href":"https:\/\/cadr.redemptor.pl\/krakow\/wp-json\/wp\/v2\/posts\/345","targetHints":{"allow":["GET"]}}],"collection":[{"href":"https:\/\/cadr.redemptor.pl\/krakow\/wp-json\/wp\/v2\/posts"}],"about":[{"href":"https:\/\/cadr.redemptor.pl\/krakow\/wp-json\/wp\/v2\/types\/post"}],"author":[{"embeddable":true,"href":"https:\/\/cadr.redemptor.pl\/krakow\/wp-json\/wp\/v2\/users\/1"}],"replies":[{"embeddable":true,"href":"https:\/\/cadr.redemptor.pl\/krakow\/wp-json\/wp\/v2\/comments?post=345"}],"version-history":[{"count":2,"href":"https:\/\/cadr.redemptor.pl\/krakow\/wp-json\/wp\/v2\/posts\/345\/revisions"}],"predecessor-version":[{"id":347,"href":"https:\/\/cadr.redemptor.pl\/krakow\/wp-json\/wp\/v2\/posts\/345\/revisions\/347"}],"wp:featuredmedia":[{"embeddable":true,"href":"https:\/\/cadr.redemptor.pl\/krakow\/wp-json\/wp\/v2\/media\/289"}],"wp:attachment":[{"href":"https:\/\/cadr.redemptor.pl\/krakow\/wp-json\/wp\/v2\/media?parent=345"}],"wp:term":[{"taxonomy":"category","embeddable":true,"href":"https:\/\/cadr.redemptor.pl\/krakow\/wp-json\/wp\/v2\/categories?post=345"},{"taxonomy":"post_tag","embeddable":true,"href":"https:\/\/cadr.redemptor.pl\/krakow\/wp-json\/wp\/v2\/tags?post=345"}],"curies":[{"name":"wp","href":"https:\/\/api.w.org\/{rel}","templated":true}]}}