{"id":92,"date":"2016-12-11T09:31:17","date_gmt":"2016-12-11T08:31:17","guid":{"rendered":"https:\/\/cadr.redemptor.pl\/krakow\/?p=92"},"modified":"2017-05-30T10:39:33","modified_gmt":"2017-05-30T08:39:33","slug":"nazwalem-was-przyjaciolmi","status":"publish","type":"post","link":"https:\/\/cadr.redemptor.pl\/krakow\/2016\/12\/11\/nazwalem-was-przyjaciolmi\/","title":{"rendered":"Nazwa\u0142em was przyjaci\u00f3\u0142mi"},"content":{"rendered":"<p class=\"p1\">W dniach 9 &#8211; 11 grudnia 2016 w Domu Rekolekcyjnym Matki Bo\u017cej Pomocy w Krakowie odby\u0142 si\u0119 kurs modlitwy wstawienniczej. Prowadzili go pani Krystyna Sobczyk, odpowiedzialna za grupy modlitwy wstawienniczej w Archidiecezji Krakowskiej oraz cz\u0142onek Sekretariatu Nowej Ewangelizacji Krakowskiej Archidiecezji oraz o. Pawe\u0142 Drobot CSsR. Kurs zosta\u0142\u00a0zorganizowany z inicjatywy <a href=\"http:\/\/www.sne.diecezja.pl\" target=\"_blank\" rel=\"noopener noreferrer\">Wsp\u00f3lnoty Redemptor i Szko\u0142y Nowej Ewangelizacji \u201eSursum Corda\u201d<\/a> dzia\u0142aj\u0105cych przy krakowskich redemptorystach.<!--more--><\/p>\n<p class=\"p1\">Modlitwa wstawiennicza znana jest od pocz\u0105tku historii biblijnej. Przyk\u0142adami wstawiennik\u00f3w s\u0105 Moj\u017cesz, Jeremiasz, Hiob, Jan Chrzciciel, Maryja.<\/p>\n<p class=\"p1\">Nic nie jest tak wa\u017cna jak modlitwa, podkre\u015bla\u0142a prowadz\u0105ca warsztaty.<span class=\"Apple-converted-space\">\u00a0 <\/span>Bycie wstawiennikiem dzisiaj oznacza na pierwszym miejscu trwanie w postawie przyja\u017ani z Bogiem. Drog\u0105 do nawi\u0105zywania przyja\u017ani jest modlitwa i \u017cycie s\u0142owem Bo\u017cym na codzie\u0144. Przyja\u017a\u0144 z Bogiem otwiera nas na przyja\u017a\u0144 z drugiem cz\u0142owiekiem. Jest to postawa wsp\u00f3\u0142czucia, troski oraz gotowo\u015b\u0107 doprowadzenia drugiej osoby do relacji przyja\u017ani z Bogiem.<\/p>\n<div class=\"tiled-gallery type-rectangular tiled-gallery-unresized\" data-original-width=\"840\" data-carousel-extra='{&quot;blog_id&quot;:2,&quot;permalink&quot;:&quot;https:\\\/\\\/cadr.redemptor.pl\\\/krakow\\\/2016\\\/12\\\/11\\\/nazwalem-was-przyjaciolmi\\\/&quot;,&quot;likes_blog_id&quot;:115935170}' itemscope itemtype=\"http:\/\/schema.org\/ImageGallery\" > <div class=\"gallery-row\" style=\"width: 840px; height: 547px;\" data-original-width=\"840\" data-original-height=\"547\" > <div class=\"gallery-group images-3\" style=\"width: 336px; height: 547px;\" data-original-width=\"336\" data-original-height=\"547\" > <div class=\"tiled-gallery-item tiled-gallery-item-large\" itemprop=\"associatedMedia\" itemscope itemtype=\"http:\/\/schema.org\/ImageObject\"> <a href=\"https:\/\/cadr.redemptor.pl\/krakow\/2016\/12\/11\/nazwalem-was-przyjaciolmi\/warsztaty_wstawiennicy_1\/\" border=\"0\" itemprop=\"url\"> <meta itemprop=\"width\" content=\"332\"> <meta itemprop=\"height\" content=\"146\"> <img loading=\"lazy\" decoding=\"async\" class=\"\" data-attachment-id=\"97\" data-orig-file=\"https:\/\/cadr.redemptor.pl\/krakow\/wp-content\/uploads\/sites\/2\/2016\/12\/Warsztaty_wstawiennicy_1.jpg\" data-orig-size=\"1280,562\" data-comments-opened=\"1\" data-image-meta=\"{&quot;aperture&quot;:&quot;2.8&quot;,&quot;credit&quot;:&quot;&quot;,&quot;camera&quot;:&quot;KODAK Z885 ZOOM DIGITAL CAMERA&quot;,&quot;caption&quot;:&quot;&quot;,&quot;created_timestamp&quot;:&quot;1167737240&quot;,&quot;copyright&quot;:&quot;&quot;,&quot;focal_length&quot;:&quot;7.54&quot;,&quot;iso&quot;:&quot;200&quot;,&quot;shutter_speed&quot;:&quot;0.033333333333333&quot;,&quot;title&quot;:&quot;&quot;,&quot;orientation&quot;:&quot;1&quot;}\" data-image-title=\"Warsztaty_wstawiennicy_1\" data-image-description=\"\" data-medium-file=\"https:\/\/cadr.redemptor.pl\/krakow\/wp-content\/uploads\/sites\/2\/2016\/12\/Warsztaty_wstawiennicy_1-300x132.jpg\" data-large-file=\"https:\/\/cadr.redemptor.pl\/krakow\/wp-content\/uploads\/sites\/2\/2016\/12\/Warsztaty_wstawiennicy_1-1024x450.jpg\" src=\"https:\/\/i0.wp.com\/cadr.redemptor.pl\/krakow\/wp-content\/uploads\/sites\/2\/2016\/12\/Warsztaty_wstawiennicy_1.jpg?w=332&#038;h=146&#038;ssl=1\" srcset=\"https:\/\/cadr.redemptor.pl\/krakow\/wp-content\/uploads\/sites\/2\/2016\/12\/Warsztaty_wstawiennicy_1.jpg 1280w, https:\/\/cadr.redemptor.pl\/krakow\/wp-content\/uploads\/sites\/2\/2016\/12\/Warsztaty_wstawiennicy_1-300x132.jpg 300w, https:\/\/cadr.redemptor.pl\/krakow\/wp-content\/uploads\/sites\/2\/2016\/12\/Warsztaty_wstawiennicy_1-768x337.jpg 768w, https:\/\/cadr.redemptor.pl\/krakow\/wp-content\/uploads\/sites\/2\/2016\/12\/Warsztaty_wstawiennicy_1-1024x450.jpg 1024w, https:\/\/cadr.redemptor.pl\/krakow\/wp-content\/uploads\/sites\/2\/2016\/12\/Warsztaty_wstawiennicy_1-1200x527.jpg 1200w\" width=\"332\" height=\"146\" loading=\"lazy\" data-original-width=\"332\" data-original-height=\"146\" itemprop=\"http:\/\/schema.org\/image\" title=\"Warsztaty_wstawiennicy_1\" alt=\"Warsztaty_wstawiennicy_1\" style=\"width: 332px; height: 146px;\" \/> <\/a> <\/div> <div class=\"tiled-gallery-item tiled-gallery-item-large\" itemprop=\"associatedMedia\" itemscope itemtype=\"http:\/\/schema.org\/ImageObject\"> <a href=\"https:\/\/cadr.redemptor.pl\/krakow\/2016\/12\/11\/nazwalem-was-przyjaciolmi\/warsztaty_wstawiennicy_2\/\" border=\"0\" itemprop=\"url\"> <meta itemprop=\"width\" content=\"332\"> <meta itemprop=\"height\" content=\"214\"> <img loading=\"lazy\" decoding=\"async\" class=\"\" data-attachment-id=\"98\" data-orig-file=\"https:\/\/cadr.redemptor.pl\/krakow\/wp-content\/uploads\/sites\/2\/2016\/12\/Warsztaty_wstawiennicy_2.jpg\" data-orig-size=\"1280,825\" data-comments-opened=\"1\" data-image-meta=\"{&quot;aperture&quot;:&quot;2.8&quot;,&quot;credit&quot;:&quot;&quot;,&quot;camera&quot;:&quot;KODAK Z885 ZOOM DIGITAL CAMERA&quot;,&quot;caption&quot;:&quot;&quot;,&quot;created_timestamp&quot;:&quot;1167737204&quot;,&quot;copyright&quot;:&quot;&quot;,&quot;focal_length&quot;:&quot;7.54&quot;,&quot;iso&quot;:&quot;200&quot;,&quot;shutter_speed&quot;:&quot;0.033333333333333&quot;,&quot;title&quot;:&quot;&quot;,&quot;orientation&quot;:&quot;1&quot;}\" data-image-title=\"Warsztaty_wstawiennicy_2\" data-image-description=\"\" data-medium-file=\"https:\/\/cadr.redemptor.pl\/krakow\/wp-content\/uploads\/sites\/2\/2016\/12\/Warsztaty_wstawiennicy_2-300x193.jpg\" data-large-file=\"https:\/\/cadr.redemptor.pl\/krakow\/wp-content\/uploads\/sites\/2\/2016\/12\/Warsztaty_wstawiennicy_2-1024x660.jpg\" src=\"https:\/\/i0.wp.com\/cadr.redemptor.pl\/krakow\/wp-content\/uploads\/sites\/2\/2016\/12\/Warsztaty_wstawiennicy_2.jpg?w=332&#038;h=214&#038;ssl=1\" srcset=\"https:\/\/cadr.redemptor.pl\/krakow\/wp-content\/uploads\/sites\/2\/2016\/12\/Warsztaty_wstawiennicy_2.jpg 1280w, https:\/\/cadr.redemptor.pl\/krakow\/wp-content\/uploads\/sites\/2\/2016\/12\/Warsztaty_wstawiennicy_2-300x193.jpg 300w, https:\/\/cadr.redemptor.pl\/krakow\/wp-content\/uploads\/sites\/2\/2016\/12\/Warsztaty_wstawiennicy_2-768x495.jpg 768w, https:\/\/cadr.redemptor.pl\/krakow\/wp-content\/uploads\/sites\/2\/2016\/12\/Warsztaty_wstawiennicy_2-1024x660.jpg 1024w, https:\/\/cadr.redemptor.pl\/krakow\/wp-content\/uploads\/sites\/2\/2016\/12\/Warsztaty_wstawiennicy_2-1200x773.jpg 1200w\" width=\"332\" height=\"214\" loading=\"lazy\" data-original-width=\"332\" data-original-height=\"214\" itemprop=\"http:\/\/schema.org\/image\" title=\"Warsztaty_wstawiennicy_2\" alt=\"Warsztaty_wstawiennicy_2\" style=\"width: 332px; height: 214px;\" \/> <\/a> <\/div> <div class=\"tiled-gallery-item tiled-gallery-item-large\" itemprop=\"associatedMedia\" itemscope itemtype=\"http:\/\/schema.org\/ImageObject\"> <a href=\"https:\/\/cadr.redemptor.pl\/krakow\/2016\/12\/11\/nazwalem-was-przyjaciolmi\/warsztaty_wstawiennicy_4\/\" border=\"0\" itemprop=\"url\"> <meta itemprop=\"width\" content=\"332\"> <meta itemprop=\"height\" content=\"175\"> <img loading=\"lazy\" decoding=\"async\" class=\"\" data-attachment-id=\"99\" data-orig-file=\"https:\/\/cadr.redemptor.pl\/krakow\/wp-content\/uploads\/sites\/2\/2016\/12\/Warsztaty_wstawiennicy_4.jpg\" data-orig-size=\"1280,674\" data-comments-opened=\"1\" data-image-meta=\"{&quot;aperture&quot;:&quot;2.8&quot;,&quot;credit&quot;:&quot;&quot;,&quot;camera&quot;:&quot;KODAK Z885 ZOOM DIGITAL CAMERA&quot;,&quot;caption&quot;:&quot;&quot;,&quot;created_timestamp&quot;:&quot;1167710645&quot;,&quot;copyright&quot;:&quot;&quot;,&quot;focal_length&quot;:&quot;7.54&quot;,&quot;iso&quot;:&quot;200&quot;,&quot;shutter_speed&quot;:&quot;0.025&quot;,&quot;title&quot;:&quot;&quot;,&quot;orientation&quot;:&quot;1&quot;}\" data-image-title=\"Warsztaty_wstawiennicy_4\" data-image-description=\"\" data-medium-file=\"https:\/\/cadr.redemptor.pl\/krakow\/wp-content\/uploads\/sites\/2\/2016\/12\/Warsztaty_wstawiennicy_4-300x158.jpg\" data-large-file=\"https:\/\/cadr.redemptor.pl\/krakow\/wp-content\/uploads\/sites\/2\/2016\/12\/Warsztaty_wstawiennicy_4-1024x539.jpg\" src=\"https:\/\/i0.wp.com\/cadr.redemptor.pl\/krakow\/wp-content\/uploads\/sites\/2\/2016\/12\/Warsztaty_wstawiennicy_4.jpg?w=332&#038;h=175&#038;ssl=1\" srcset=\"https:\/\/cadr.redemptor.pl\/krakow\/wp-content\/uploads\/sites\/2\/2016\/12\/Warsztaty_wstawiennicy_4.jpg 1280w, https:\/\/cadr.redemptor.pl\/krakow\/wp-content\/uploads\/sites\/2\/2016\/12\/Warsztaty_wstawiennicy_4-300x158.jpg 300w, https:\/\/cadr.redemptor.pl\/krakow\/wp-content\/uploads\/sites\/2\/2016\/12\/Warsztaty_wstawiennicy_4-768x404.jpg 768w, https:\/\/cadr.redemptor.pl\/krakow\/wp-content\/uploads\/sites\/2\/2016\/12\/Warsztaty_wstawiennicy_4-1024x539.jpg 1024w, https:\/\/cadr.redemptor.pl\/krakow\/wp-content\/uploads\/sites\/2\/2016\/12\/Warsztaty_wstawiennicy_4-1200x632.jpg 1200w\" width=\"332\" height=\"175\" loading=\"lazy\" data-original-width=\"332\" data-original-height=\"175\" itemprop=\"http:\/\/schema.org\/image\" title=\"Warsztaty_wstawiennicy_4\" alt=\"Warsztaty_wstawiennicy_4\" style=\"width: 332px; height: 175px;\" \/> <\/a> <\/div> <\/div> <!-- close group --> <div class=\"gallery-group images-3\" style=\"width: 257px; height: 547px;\" data-original-width=\"257\" data-original-height=\"547\" > <div class=\"tiled-gallery-item tiled-gallery-item-large\" itemprop=\"associatedMedia\" itemscope itemtype=\"http:\/\/schema.org\/ImageObject\"> <a href=\"https:\/\/cadr.redemptor.pl\/krakow\/2016\/12\/11\/nazwalem-was-przyjaciolmi\/warsztaty_wstawiennicy_5\/\" border=\"0\" itemprop=\"url\"> <meta itemprop=\"width\" content=\"253\"> <meta itemprop=\"height\" content=\"158\"> <img loading=\"lazy\" decoding=\"async\" class=\"\" data-attachment-id=\"100\" data-orig-file=\"https:\/\/cadr.redemptor.pl\/krakow\/wp-content\/uploads\/sites\/2\/2016\/12\/Warsztaty_wstawiennicy_5.jpg\" data-orig-size=\"1280,799\" data-comments-opened=\"1\" data-image-meta=\"{&quot;aperture&quot;:&quot;2.8&quot;,&quot;credit&quot;:&quot;&quot;,&quot;camera&quot;:&quot;KODAK Z885 ZOOM DIGITAL CAMERA&quot;,&quot;caption&quot;:&quot;&quot;,&quot;created_timestamp&quot;:&quot;1167710630&quot;,&quot;copyright&quot;:&quot;&quot;,&quot;focal_length&quot;:&quot;7.54&quot;,&quot;iso&quot;:&quot;200&quot;,&quot;shutter_speed&quot;:&quot;0.033333333333333&quot;,&quot;title&quot;:&quot;&quot;,&quot;orientation&quot;:&quot;1&quot;}\" data-image-title=\"Warsztaty_wstawiennicy_5\" data-image-description=\"\" data-medium-file=\"https:\/\/cadr.redemptor.pl\/krakow\/wp-content\/uploads\/sites\/2\/2016\/12\/Warsztaty_wstawiennicy_5-300x187.jpg\" data-large-file=\"https:\/\/cadr.redemptor.pl\/krakow\/wp-content\/uploads\/sites\/2\/2016\/12\/Warsztaty_wstawiennicy_5-1024x639.jpg\" src=\"https:\/\/i0.wp.com\/cadr.redemptor.pl\/krakow\/wp-content\/uploads\/sites\/2\/2016\/12\/Warsztaty_wstawiennicy_5.jpg?w=253&#038;h=158&#038;ssl=1\" srcset=\"https:\/\/cadr.redemptor.pl\/krakow\/wp-content\/uploads\/sites\/2\/2016\/12\/Warsztaty_wstawiennicy_5.jpg 1280w, https:\/\/cadr.redemptor.pl\/krakow\/wp-content\/uploads\/sites\/2\/2016\/12\/Warsztaty_wstawiennicy_5-300x187.jpg 300w, https:\/\/cadr.redemptor.pl\/krakow\/wp-content\/uploads\/sites\/2\/2016\/12\/Warsztaty_wstawiennicy_5-768x479.jpg 768w, https:\/\/cadr.redemptor.pl\/krakow\/wp-content\/uploads\/sites\/2\/2016\/12\/Warsztaty_wstawiennicy_5-1024x639.jpg 1024w, https:\/\/cadr.redemptor.pl\/krakow\/wp-content\/uploads\/sites\/2\/2016\/12\/Warsztaty_wstawiennicy_5-1200x749.jpg 1200w\" width=\"253\" height=\"158\" loading=\"lazy\" data-original-width=\"253\" data-original-height=\"158\" itemprop=\"http:\/\/schema.org\/image\" title=\"Warsztaty_wstawiennicy_5\" alt=\"Warsztaty_wstawiennicy_5\" style=\"width: 253px; height: 158px;\" \/> <\/a> <\/div> <div class=\"tiled-gallery-item tiled-gallery-item-large\" itemprop=\"associatedMedia\" itemscope itemtype=\"http:\/\/schema.org\/ImageObject\"> <a href=\"https:\/\/cadr.redemptor.pl\/krakow\/2016\/12\/11\/nazwalem-was-przyjaciolmi\/warsztaty_wstawiennicy_6\/\" border=\"0\" itemprop=\"url\"> <meta itemprop=\"width\" content=\"253\"> <meta itemprop=\"height\" content=\"175\"> <img loading=\"lazy\" decoding=\"async\" class=\"\" data-attachment-id=\"101\" data-orig-file=\"https:\/\/cadr.redemptor.pl\/krakow\/wp-content\/uploads\/sites\/2\/2016\/12\/Warsztaty_wstawiennicy_6.jpg\" data-orig-size=\"1280,888\" data-comments-opened=\"1\" data-image-meta=\"{&quot;aperture&quot;:&quot;2.8&quot;,&quot;credit&quot;:&quot;&quot;,&quot;camera&quot;:&quot;KODAK Z885 ZOOM DIGITAL CAMERA&quot;,&quot;caption&quot;:&quot;&quot;,&quot;created_timestamp&quot;:&quot;1167709326&quot;,&quot;copyright&quot;:&quot;&quot;,&quot;focal_length&quot;:&quot;7.54&quot;,&quot;iso&quot;:&quot;200&quot;,&quot;shutter_speed&quot;:&quot;0.033333333333333&quot;,&quot;title&quot;:&quot;&quot;,&quot;orientation&quot;:&quot;1&quot;}\" data-image-title=\"Warsztaty_wstawiennicy_6\" data-image-description=\"\" data-medium-file=\"https:\/\/cadr.redemptor.pl\/krakow\/wp-content\/uploads\/sites\/2\/2016\/12\/Warsztaty_wstawiennicy_6-300x208.jpg\" data-large-file=\"https:\/\/cadr.redemptor.pl\/krakow\/wp-content\/uploads\/sites\/2\/2016\/12\/Warsztaty_wstawiennicy_6-1024x710.jpg\" src=\"https:\/\/i0.wp.com\/cadr.redemptor.pl\/krakow\/wp-content\/uploads\/sites\/2\/2016\/12\/Warsztaty_wstawiennicy_6.jpg?w=253&#038;h=175&#038;ssl=1\" srcset=\"https:\/\/cadr.redemptor.pl\/krakow\/wp-content\/uploads\/sites\/2\/2016\/12\/Warsztaty_wstawiennicy_6.jpg 1280w, https:\/\/cadr.redemptor.pl\/krakow\/wp-content\/uploads\/sites\/2\/2016\/12\/Warsztaty_wstawiennicy_6-300x208.jpg 300w, https:\/\/cadr.redemptor.pl\/krakow\/wp-content\/uploads\/sites\/2\/2016\/12\/Warsztaty_wstawiennicy_6-768x533.jpg 768w, https:\/\/cadr.redemptor.pl\/krakow\/wp-content\/uploads\/sites\/2\/2016\/12\/Warsztaty_wstawiennicy_6-1024x710.jpg 1024w, https:\/\/cadr.redemptor.pl\/krakow\/wp-content\/uploads\/sites\/2\/2016\/12\/Warsztaty_wstawiennicy_6-1200x833.jpg 1200w\" width=\"253\" height=\"175\" loading=\"lazy\" data-original-width=\"253\" data-original-height=\"175\" itemprop=\"http:\/\/schema.org\/image\" title=\"Warsztaty_wstawiennicy_6\" alt=\"Warsztaty_wstawiennicy_6\" style=\"width: 253px; height: 175px;\" \/> <\/a> <\/div> <div class=\"tiled-gallery-item tiled-gallery-item-large\" itemprop=\"associatedMedia\" itemscope itemtype=\"http:\/\/schema.org\/ImageObject\"> <a href=\"https:\/\/cadr.redemptor.pl\/krakow\/2016\/12\/11\/nazwalem-was-przyjaciolmi\/warsztaty_wstawiennicy_7\/\" border=\"0\" itemprop=\"url\"> <meta itemprop=\"width\" content=\"253\"> <meta itemprop=\"height\" content=\"202\"> <img loading=\"lazy\" decoding=\"async\" class=\"\" data-attachment-id=\"103\" data-orig-file=\"https:\/\/cadr.redemptor.pl\/krakow\/wp-content\/uploads\/sites\/2\/2016\/12\/Warsztaty_wstawiennicy_7.jpg\" data-orig-size=\"1280,1023\" data-comments-opened=\"1\" data-image-meta=\"{&quot;aperture&quot;:&quot;2.8&quot;,&quot;credit&quot;:&quot;&quot;,&quot;camera&quot;:&quot;KODAK Z885 ZOOM DIGITAL CAMERA&quot;,&quot;caption&quot;:&quot;&quot;,&quot;created_timestamp&quot;:&quot;1167704442&quot;,&quot;copyright&quot;:&quot;&quot;,&quot;focal_length&quot;:&quot;7.54&quot;,&quot;iso&quot;:&quot;200&quot;,&quot;shutter_speed&quot;:&quot;0.033333333333333&quot;,&quot;title&quot;:&quot;&quot;,&quot;orientation&quot;:&quot;1&quot;}\" data-image-title=\"Warsztaty_wstawiennicy_7\" data-image-description=\"\" data-medium-file=\"https:\/\/cadr.redemptor.pl\/krakow\/wp-content\/uploads\/sites\/2\/2016\/12\/Warsztaty_wstawiennicy_7-300x240.jpg\" data-large-file=\"https:\/\/cadr.redemptor.pl\/krakow\/wp-content\/uploads\/sites\/2\/2016\/12\/Warsztaty_wstawiennicy_7-1024x818.jpg\" src=\"https:\/\/i0.wp.com\/cadr.redemptor.pl\/krakow\/wp-content\/uploads\/sites\/2\/2016\/12\/Warsztaty_wstawiennicy_7.jpg?w=253&#038;h=202&#038;ssl=1\" srcset=\"https:\/\/cadr.redemptor.pl\/krakow\/wp-content\/uploads\/sites\/2\/2016\/12\/Warsztaty_wstawiennicy_7.jpg 1280w, https:\/\/cadr.redemptor.pl\/krakow\/wp-content\/uploads\/sites\/2\/2016\/12\/Warsztaty_wstawiennicy_7-300x240.jpg 300w, https:\/\/cadr.redemptor.pl\/krakow\/wp-content\/uploads\/sites\/2\/2016\/12\/Warsztaty_wstawiennicy_7-768x614.jpg 768w, https:\/\/cadr.redemptor.pl\/krakow\/wp-content\/uploads\/sites\/2\/2016\/12\/Warsztaty_wstawiennicy_7-1024x818.jpg 1024w, https:\/\/cadr.redemptor.pl\/krakow\/wp-content\/uploads\/sites\/2\/2016\/12\/Warsztaty_wstawiennicy_7-1200x959.jpg 1200w\" width=\"253\" height=\"202\" loading=\"lazy\" data-original-width=\"253\" data-original-height=\"202\" itemprop=\"http:\/\/schema.org\/image\" title=\"Warsztaty_wstawiennicy_7\" alt=\"Warsztaty_wstawiennicy_7\" style=\"width: 253px; height: 202px;\" \/> <\/a> <\/div> <\/div> <!-- close group --> <div class=\"gallery-group images-3\" style=\"width: 247px; height: 547px;\" data-original-width=\"247\" data-original-height=\"547\" > <div class=\"tiled-gallery-item tiled-gallery-item-small\" itemprop=\"associatedMedia\" itemscope itemtype=\"http:\/\/schema.org\/ImageObject\"> <a href=\"https:\/\/cadr.redemptor.pl\/krakow\/2016\/12\/11\/nazwalem-was-przyjaciolmi\/warsztaty_wstawiennicy_8\/\" border=\"0\" itemprop=\"url\"> <meta itemprop=\"width\" content=\"243\"> <meta itemprop=\"height\" content=\"193\"> <img loading=\"lazy\" decoding=\"async\" class=\"\" data-attachment-id=\"104\" data-orig-file=\"https:\/\/cadr.redemptor.pl\/krakow\/wp-content\/uploads\/sites\/2\/2016\/12\/Warsztaty_wstawiennicy_8.jpg\" data-orig-size=\"1280,1021\" data-comments-opened=\"1\" data-image-meta=\"{&quot;aperture&quot;:&quot;2.8&quot;,&quot;credit&quot;:&quot;&quot;,&quot;camera&quot;:&quot;KODAK Z885 ZOOM DIGITAL CAMERA&quot;,&quot;caption&quot;:&quot;&quot;,&quot;created_timestamp&quot;:&quot;1167704365&quot;,&quot;copyright&quot;:&quot;&quot;,&quot;focal_length&quot;:&quot;7.54&quot;,&quot;iso&quot;:&quot;200&quot;,&quot;shutter_speed&quot;:&quot;0.033333333333333&quot;,&quot;title&quot;:&quot;&quot;,&quot;orientation&quot;:&quot;1&quot;}\" data-image-title=\"Warsztaty_wstawiennicy_8\" data-image-description=\"\" data-medium-file=\"https:\/\/cadr.redemptor.pl\/krakow\/wp-content\/uploads\/sites\/2\/2016\/12\/Warsztaty_wstawiennicy_8-300x239.jpg\" data-large-file=\"https:\/\/cadr.redemptor.pl\/krakow\/wp-content\/uploads\/sites\/2\/2016\/12\/Warsztaty_wstawiennicy_8-1024x817.jpg\" src=\"https:\/\/i0.wp.com\/cadr.redemptor.pl\/krakow\/wp-content\/uploads\/sites\/2\/2016\/12\/Warsztaty_wstawiennicy_8.jpg?w=243&#038;h=193&#038;ssl=1\" srcset=\"https:\/\/cadr.redemptor.pl\/krakow\/wp-content\/uploads\/sites\/2\/2016\/12\/Warsztaty_wstawiennicy_8.jpg 1280w, https:\/\/cadr.redemptor.pl\/krakow\/wp-content\/uploads\/sites\/2\/2016\/12\/Warsztaty_wstawiennicy_8-300x239.jpg 300w, https:\/\/cadr.redemptor.pl\/krakow\/wp-content\/uploads\/sites\/2\/2016\/12\/Warsztaty_wstawiennicy_8-768x613.jpg 768w, https:\/\/cadr.redemptor.pl\/krakow\/wp-content\/uploads\/sites\/2\/2016\/12\/Warsztaty_wstawiennicy_8-1024x817.jpg 1024w, https:\/\/cadr.redemptor.pl\/krakow\/wp-content\/uploads\/sites\/2\/2016\/12\/Warsztaty_wstawiennicy_8-1200x957.jpg 1200w\" width=\"243\" height=\"193\" loading=\"lazy\" data-original-width=\"243\" data-original-height=\"193\" itemprop=\"http:\/\/schema.org\/image\" title=\"Warsztaty_wstawiennicy_8\" alt=\"Warsztaty_wstawiennicy_8\" style=\"width: 243px; height: 193px;\" \/> <\/a> <\/div> <div class=\"tiled-gallery-item tiled-gallery-item-small\" itemprop=\"associatedMedia\" itemscope itemtype=\"http:\/\/schema.org\/ImageObject\"> <a href=\"https:\/\/cadr.redemptor.pl\/krakow\/2016\/12\/11\/nazwalem-was-przyjaciolmi\/warsztaty_wstawiennicy_9\/\" border=\"0\" itemprop=\"url\"> <meta itemprop=\"width\" content=\"243\"> <meta itemprop=\"height\" content=\"160\"> <img loading=\"lazy\" decoding=\"async\" class=\"\" data-attachment-id=\"105\" data-orig-file=\"https:\/\/cadr.redemptor.pl\/krakow\/wp-content\/uploads\/sites\/2\/2016\/12\/Warsztaty_wstawiennicy_9.jpg\" data-orig-size=\"1280,843\" data-comments-opened=\"1\" data-image-meta=\"{&quot;aperture&quot;:&quot;2.8&quot;,&quot;credit&quot;:&quot;&quot;,&quot;camera&quot;:&quot;KODAK Z885 ZOOM DIGITAL CAMERA&quot;,&quot;caption&quot;:&quot;&quot;,&quot;created_timestamp&quot;:&quot;1167704202&quot;,&quot;copyright&quot;:&quot;&quot;,&quot;focal_length&quot;:&quot;7.54&quot;,&quot;iso&quot;:&quot;200&quot;,&quot;shutter_speed&quot;:&quot;0.033333333333333&quot;,&quot;title&quot;:&quot;&quot;,&quot;orientation&quot;:&quot;1&quot;}\" data-image-title=\"Warsztaty_wstawiennicy_9\" data-image-description=\"\" data-medium-file=\"https:\/\/cadr.redemptor.pl\/krakow\/wp-content\/uploads\/sites\/2\/2016\/12\/Warsztaty_wstawiennicy_9-300x198.jpg\" data-large-file=\"https:\/\/cadr.redemptor.pl\/krakow\/wp-content\/uploads\/sites\/2\/2016\/12\/Warsztaty_wstawiennicy_9-1024x674.jpg\" src=\"https:\/\/i0.wp.com\/cadr.redemptor.pl\/krakow\/wp-content\/uploads\/sites\/2\/2016\/12\/Warsztaty_wstawiennicy_9.jpg?w=243&#038;h=160&#038;ssl=1\" srcset=\"https:\/\/cadr.redemptor.pl\/krakow\/wp-content\/uploads\/sites\/2\/2016\/12\/Warsztaty_wstawiennicy_9.jpg 1280w, https:\/\/cadr.redemptor.pl\/krakow\/wp-content\/uploads\/sites\/2\/2016\/12\/Warsztaty_wstawiennicy_9-300x198.jpg 300w, https:\/\/cadr.redemptor.pl\/krakow\/wp-content\/uploads\/sites\/2\/2016\/12\/Warsztaty_wstawiennicy_9-768x506.jpg 768w, https:\/\/cadr.redemptor.pl\/krakow\/wp-content\/uploads\/sites\/2\/2016\/12\/Warsztaty_wstawiennicy_9-1024x674.jpg 1024w, https:\/\/cadr.redemptor.pl\/krakow\/wp-content\/uploads\/sites\/2\/2016\/12\/Warsztaty_wstawiennicy_9-1200x790.jpg 1200w\" width=\"243\" height=\"160\" loading=\"lazy\" data-original-width=\"243\" data-original-height=\"160\" itemprop=\"http:\/\/schema.org\/image\" title=\"Warsztaty_wstawiennicy_9\" alt=\"Warsztaty_wstawiennicy_9\" style=\"width: 243px; height: 160px;\" \/> <\/a> <\/div> <div class=\"tiled-gallery-item tiled-gallery-item-small\" itemprop=\"associatedMedia\" itemscope itemtype=\"http:\/\/schema.org\/ImageObject\"> <a href=\"https:\/\/cadr.redemptor.pl\/krakow\/2016\/12\/11\/nazwalem-was-przyjaciolmi\/warsztaty_wstawiennicy\/\" border=\"0\" itemprop=\"url\"> <meta itemprop=\"width\" content=\"243\"> <meta itemprop=\"height\" content=\"182\"> <img loading=\"lazy\" decoding=\"async\" class=\"\" data-attachment-id=\"106\" data-orig-file=\"https:\/\/cadr.redemptor.pl\/krakow\/wp-content\/uploads\/sites\/2\/2016\/12\/Warsztaty_wstawiennicy.jpg\" data-orig-size=\"3264,2448\" data-comments-opened=\"1\" data-image-meta=\"{&quot;aperture&quot;:&quot;2.8&quot;,&quot;credit&quot;:&quot;&quot;,&quot;camera&quot;:&quot;KODAK Z885 ZOOM DIGITAL CAMERA&quot;,&quot;caption&quot;:&quot;&quot;,&quot;created_timestamp&quot;:&quot;1167652822&quot;,&quot;copyright&quot;:&quot;&quot;,&quot;focal_length&quot;:&quot;7.54&quot;,&quot;iso&quot;:&quot;200&quot;,&quot;shutter_speed&quot;:&quot;0.033333333333333&quot;,&quot;title&quot;:&quot;&quot;,&quot;orientation&quot;:&quot;0&quot;}\" data-image-title=\"Warsztaty_wstawiennicy\" data-image-description=\"\" data-medium-file=\"https:\/\/cadr.redemptor.pl\/krakow\/wp-content\/uploads\/sites\/2\/2016\/12\/Warsztaty_wstawiennicy-300x225.jpg\" data-large-file=\"https:\/\/cadr.redemptor.pl\/krakow\/wp-content\/uploads\/sites\/2\/2016\/12\/Warsztaty_wstawiennicy-1024x768.jpg\" src=\"https:\/\/i0.wp.com\/cadr.redemptor.pl\/krakow\/wp-content\/uploads\/sites\/2\/2016\/12\/Warsztaty_wstawiennicy.jpg?w=243&#038;h=182&#038;ssl=1\" srcset=\"https:\/\/cadr.redemptor.pl\/krakow\/wp-content\/uploads\/sites\/2\/2016\/12\/Warsztaty_wstawiennicy.jpg 3264w, https:\/\/cadr.redemptor.pl\/krakow\/wp-content\/uploads\/sites\/2\/2016\/12\/Warsztaty_wstawiennicy-300x225.jpg 300w, https:\/\/cadr.redemptor.pl\/krakow\/wp-content\/uploads\/sites\/2\/2016\/12\/Warsztaty_wstawiennicy-768x576.jpg 768w, https:\/\/cadr.redemptor.pl\/krakow\/wp-content\/uploads\/sites\/2\/2016\/12\/Warsztaty_wstawiennicy-1024x768.jpg 1024w, https:\/\/cadr.redemptor.pl\/krakow\/wp-content\/uploads\/sites\/2\/2016\/12\/Warsztaty_wstawiennicy-1200x900.jpg 1200w\" width=\"243\" height=\"182\" loading=\"lazy\" data-original-width=\"243\" data-original-height=\"182\" itemprop=\"http:\/\/schema.org\/image\" title=\"Warsztaty_wstawiennicy\" alt=\"Warsztaty_wstawiennicy\" style=\"width: 243px; height: 182px;\" \/> <\/a> <\/div> <\/div> <!-- close group --> <\/div> <!-- close row --> <\/div>\n<p class=\"p1\">W czasie kursu poruszane by\u0142y takie m. in. tematy: w spos\u00f3b prowadzi\u0107\u00a0modlitw\u0119 wstawiennicz\u0105, modlitwa kerygmatyczna, modlitwa zawierzenia Jezusowi. W \u015bwietle Pisma \u015bwi\u0119tego i \u015bwiadectw uczestnicy pracowali r\u00f3wnie\u017c\u00a0nad tematem tzw. modlitw niewys\u0142uchanych. Obok wyk\u0142ad\u00f3w by\u0142\u00a0czas na praktyk\u0119 modlitwy wstawienniczej.<\/p>\n<p class=\"p1\">W kursie bra\u0142o udzia\u0142 ponad 80 os\u00f3b. Ze wzgl\u0119du na du\u017ce zainteresowanie kursem w marcu jest planowana kolejna edycja.<\/p>\n<p class=\"p1\" style=\"text-align: right;\">o. Pawe\u0142\u00a0Drobot CSsR<\/p>\n","protected":false},"excerpt":{"rendered":"<p>W dniach 9 &#8211; 11 grudnia 2016 w Domu Rekolekcyjnym Matki Bo\u017cej Pomocy w Krakowie odby\u0142 si\u0119 kurs modlitwy wstawienniczej. Prowadzili go pani Krystyna Sobczyk, odpowiedzialna za grupy modlitwy wstawienniczej &hellip; <a href=\"https:\/\/cadr.redemptor.pl\/krakow\/2016\/12\/11\/nazwalem-was-przyjaciolmi\/\" class=\"more-link\">Czytaj dalej<span class=\"screen-reader-text\"> \u201eNazwa\u0142em was przyjaci\u00f3\u0142mi\u201d<\/span><\/a><\/p>\n","protected":false},"author":1,"featured_media":95,"comment_status":"open","ping_status":"open","sticky":false,"template":"","format":"standard","meta":{"_EventAllDay":false,"_EventTimezone":"","_EventStartDate":"","_EventEndDate":"","_EventStartDateUTC":"","_EventEndDateUTC":"","_EventShowMap":false,"_EventShowMapLink":false,"_EventURL":"","_EventCost":"","_EventCostDescription":"","_EventCurrencySymbol":"","_EventCurrencyCode":"","_EventCurrencyPosition":"","_EventDateTimeSeparator":"","_EventTimeRangeSeparator":"","_EventOrganizerID":[],"_EventVenueID":[],"_OrganizerEmail":"","_OrganizerPhone":"","_OrganizerWebsite":"","_VenueAddress":"","_VenueCity":"","_VenueCountry":"","_VenueProvince":"","_VenueState":"","_VenueZip":"","_VenuePhone":"","_VenueURL":"","_VenueStateProvince":"","_VenueLat":"","_VenueLng":"","_VenueShowMap":false,"_VenueShowMapLink":false,"_price":"","_stock":"","_tribe_ticket_header":"","_tribe_default_ticket_provider":"","_tribe_ticket_capacity":"","_ticket_start_date":"","_ticket_end_date":"","_tribe_ticket_show_description":"","_tribe_ticket_show_not_going":false,"_tribe_ticket_use_global_stock":"","_tribe_ticket_global_stock_level":"","_global_stock_mode":"","_global_stock_cap":"","_tribe_rsvp_for_event":"","_tribe_ticket_going_count":"","_tribe_ticket_not_going_count":"","_tribe_tickets_list":"[]","_tribe_ticket_has_attendee_info_fields":false,"_themeisle_gutenberg_block_has_review":false,"jetpack_post_was_ever_published":false,"_jetpack_newsletter_access":"","_jetpack_dont_email_post_to_subs":true,"_jetpack_newsletter_tier_id":0,"_jetpack_memberships_contains_paywalled_content":false,"_jetpack_memberships_contains_paid_content":false,"footnotes":"","jetpack_publicize_message":"","jetpack_publicize_feature_enabled":true,"jetpack_social_post_already_shared":true,"jetpack_social_options":{"image_generator_settings":{"template":"highway","default_image_id":0,"font":"","enabled":false},"version":2}},"categories":[11],"tags":[],"class_list":["post-92","post","type-post","status-publish","format-standard","has-post-thumbnail","hentry","category-aktualnosci"],"yoast_head":"<!-- This site is optimized with the Yoast SEO plugin v27.4 - https:\/\/yoast.com\/product\/yoast-seo-wordpress\/ -->\n<title>Nazwa\u0142em was przyjaci\u00f3\u0142mi - CADR Krak\u00f3w<\/title>\n<meta name=\"robots\" content=\"index, follow, max-snippet:-1, max-image-preview:large, max-video-preview:-1\" \/>\n<link rel=\"canonical\" href=\"https:\/\/cadr.redemptor.pl\/krakow\/2016\/12\/11\/nazwalem-was-przyjaciolmi\/\" \/>\n<meta property=\"og:locale\" content=\"pl_PL\" \/>\n<meta property=\"og:type\" content=\"article\" \/>\n<meta property=\"og:title\" content=\"Nazwa\u0142em was przyjaci\u00f3\u0142mi - CADR Krak\u00f3w\" \/>\n<meta property=\"og:description\" content=\"W dniach 9 &#8211; 11 grudnia 2016 w Domu Rekolekcyjnym Matki Bo\u017cej Pomocy w Krakowie odby\u0142 si\u0119 kurs modlitwy wstawienniczej. Prowadzili go pani Krystyna Sobczyk, odpowiedzialna za grupy modlitwy wstawienniczej &hellip; Czytaj dalej \u201eNazwa\u0142em was przyjaci\u00f3\u0142mi\u201d\" \/>\n<meta property=\"og:url\" content=\"https:\/\/cadr.redemptor.pl\/krakow\/2016\/12\/11\/nazwalem-was-przyjaciolmi\/\" \/>\n<meta property=\"og:site_name\" content=\"CADR Krak\u00f3w\" \/>\n<meta property=\"article:published_time\" content=\"2016-12-11T08:31:17+00:00\" \/>\n<meta property=\"article:modified_time\" content=\"2017-05-30T08:39:33+00:00\" \/>\n<meta property=\"og:image\" content=\"https:\/\/cadr.redemptor.pl\/krakow\/wp-content\/uploads\/sites\/2\/2016\/12\/przyjazn2.jpg\" \/>\n\t<meta property=\"og:image:width\" content=\"1280\" \/>\n\t<meta property=\"og:image:height\" content=\"852\" \/>\n\t<meta property=\"og:image:type\" content=\"image\/jpeg\" \/>\n<meta name=\"author\" content=\"CADR\" \/>\n<meta name=\"twitter:card\" content=\"summary_large_image\" \/>\n<meta name=\"twitter:label1\" content=\"Napisane przez\" \/>\n\t<meta name=\"twitter:data1\" content=\"CADR\" \/>\n\t<meta name=\"twitter:label2\" content=\"Szacowany czas czytania\" \/>\n\t<meta name=\"twitter:data2\" content=\"1 minuta\" \/>\n<script type=\"application\/ld+json\" class=\"yoast-schema-graph\">{\"@context\":\"https:\\\/\\\/schema.org\",\"@graph\":[{\"@type\":\"Article\",\"@id\":\"https:\\\/\\\/cadr.redemptor.pl\\\/krakow\\\/2016\\\/12\\\/11\\\/nazwalem-was-przyjaciolmi\\\/#article\",\"isPartOf\":{\"@id\":\"https:\\\/\\\/cadr.redemptor.pl\\\/krakow\\\/2016\\\/12\\\/11\\\/nazwalem-was-przyjaciolmi\\\/\"},\"author\":{\"name\":\"CADR\",\"@id\":\"https:\\\/\\\/cadr.redemptor.pl\\\/krakow\\\/#\\\/schema\\\/person\\\/65335af2f2c18dfb78eb5fbc2cb9128b\"},\"headline\":\"Nazwa\u0142em was przyjaci\u00f3\u0142mi\",\"datePublished\":\"2016-12-11T08:31:17+00:00\",\"dateModified\":\"2017-05-30T08:39:33+00:00\",\"mainEntityOfPage\":{\"@id\":\"https:\\\/\\\/cadr.redemptor.pl\\\/krakow\\\/2016\\\/12\\\/11\\\/nazwalem-was-przyjaciolmi\\\/\"},\"wordCount\":241,\"commentCount\":0,\"image\":{\"@id\":\"https:\\\/\\\/cadr.redemptor.pl\\\/krakow\\\/2016\\\/12\\\/11\\\/nazwalem-was-przyjaciolmi\\\/#primaryimage\"},\"thumbnailUrl\":\"https:\\\/\\\/cadr.redemptor.pl\\\/krakow\\\/wp-content\\\/uploads\\\/sites\\\/2\\\/2016\\\/12\\\/przyjazn2.jpg\",\"articleSection\":[\"Aktualno\u015bci\"],\"inLanguage\":\"pl-PL\",\"potentialAction\":[{\"@type\":\"CommentAction\",\"name\":\"Comment\",\"target\":[\"https:\\\/\\\/cadr.redemptor.pl\\\/krakow\\\/2016\\\/12\\\/11\\\/nazwalem-was-przyjaciolmi\\\/#respond\"]}]},{\"@type\":\"WebPage\",\"@id\":\"https:\\\/\\\/cadr.redemptor.pl\\\/krakow\\\/2016\\\/12\\\/11\\\/nazwalem-was-przyjaciolmi\\\/\",\"url\":\"https:\\\/\\\/cadr.redemptor.pl\\\/krakow\\\/2016\\\/12\\\/11\\\/nazwalem-was-przyjaciolmi\\\/\",\"name\":\"Nazwa\u0142em was przyjaci\u00f3\u0142mi - CADR Krak\u00f3w\",\"isPartOf\":{\"@id\":\"https:\\\/\\\/cadr.redemptor.pl\\\/krakow\\\/#website\"},\"primaryImageOfPage\":{\"@id\":\"https:\\\/\\\/cadr.redemptor.pl\\\/krakow\\\/2016\\\/12\\\/11\\\/nazwalem-was-przyjaciolmi\\\/#primaryimage\"},\"image\":{\"@id\":\"https:\\\/\\\/cadr.redemptor.pl\\\/krakow\\\/2016\\\/12\\\/11\\\/nazwalem-was-przyjaciolmi\\\/#primaryimage\"},\"thumbnailUrl\":\"https:\\\/\\\/cadr.redemptor.pl\\\/krakow\\\/wp-content\\\/uploads\\\/sites\\\/2\\\/2016\\\/12\\\/przyjazn2.jpg\",\"datePublished\":\"2016-12-11T08:31:17+00:00\",\"dateModified\":\"2017-05-30T08:39:33+00:00\",\"author\":{\"@id\":\"https:\\\/\\\/cadr.redemptor.pl\\\/krakow\\\/#\\\/schema\\\/person\\\/65335af2f2c18dfb78eb5fbc2cb9128b\"},\"breadcrumb\":{\"@id\":\"https:\\\/\\\/cadr.redemptor.pl\\\/krakow\\\/2016\\\/12\\\/11\\\/nazwalem-was-przyjaciolmi\\\/#breadcrumb\"},\"inLanguage\":\"pl-PL\",\"potentialAction\":[{\"@type\":\"ReadAction\",\"target\":[\"https:\\\/\\\/cadr.redemptor.pl\\\/krakow\\\/2016\\\/12\\\/11\\\/nazwalem-was-przyjaciolmi\\\/\"]}]},{\"@type\":\"ImageObject\",\"inLanguage\":\"pl-PL\",\"@id\":\"https:\\\/\\\/cadr.redemptor.pl\\\/krakow\\\/2016\\\/12\\\/11\\\/nazwalem-was-przyjaciolmi\\\/#primaryimage\",\"url\":\"https:\\\/\\\/cadr.redemptor.pl\\\/krakow\\\/wp-content\\\/uploads\\\/sites\\\/2\\\/2016\\\/12\\\/przyjazn2.jpg\",\"contentUrl\":\"https:\\\/\\\/cadr.redemptor.pl\\\/krakow\\\/wp-content\\\/uploads\\\/sites\\\/2\\\/2016\\\/12\\\/przyjazn2.jpg\",\"width\":1280,\"height\":852},{\"@type\":\"BreadcrumbList\",\"@id\":\"https:\\\/\\\/cadr.redemptor.pl\\\/krakow\\\/2016\\\/12\\\/11\\\/nazwalem-was-przyjaciolmi\\\/#breadcrumb\",\"itemListElement\":[{\"@type\":\"ListItem\",\"position\":1,\"name\":\"Strona g\u0142\u00f3wna\",\"item\":\"https:\\\/\\\/cadr.redemptor.pl\\\/krakow\\\/\"},{\"@type\":\"ListItem\",\"position\":2,\"name\":\"Nazwa\u0142em was przyjaci\u00f3\u0142mi\"}]},{\"@type\":\"WebSite\",\"@id\":\"https:\\\/\\\/cadr.redemptor.pl\\\/krakow\\\/#website\",\"url\":\"https:\\\/\\\/cadr.redemptor.pl\\\/krakow\\\/\",\"name\":\"CADR Krak\u00f3w\",\"description\":\"Dom Rekolekcyjny Matki Bo\u017cej Nieustaj\u0105cej Pomocy\",\"potentialAction\":[{\"@type\":\"SearchAction\",\"target\":{\"@type\":\"EntryPoint\",\"urlTemplate\":\"https:\\\/\\\/cadr.redemptor.pl\\\/krakow\\\/?s={search_term_string}\"},\"query-input\":{\"@type\":\"PropertyValueSpecification\",\"valueRequired\":true,\"valueName\":\"search_term_string\"}}],\"inLanguage\":\"pl-PL\"},{\"@type\":\"Person\",\"@id\":\"https:\\\/\\\/cadr.redemptor.pl\\\/krakow\\\/#\\\/schema\\\/person\\\/65335af2f2c18dfb78eb5fbc2cb9128b\",\"name\":\"CADR\",\"image\":{\"@type\":\"ImageObject\",\"inLanguage\":\"pl-PL\",\"@id\":\"https:\\\/\\\/secure.gravatar.com\\\/avatar\\\/200b93d32f585e4b9aa74bcff9645b4278ea5304009cb5a34cb024bfbf158691?s=96&d=mm&r=g\",\"url\":\"https:\\\/\\\/secure.gravatar.com\\\/avatar\\\/200b93d32f585e4b9aa74bcff9645b4278ea5304009cb5a34cb024bfbf158691?s=96&d=mm&r=g\",\"contentUrl\":\"https:\\\/\\\/secure.gravatar.com\\\/avatar\\\/200b93d32f585e4b9aa74bcff9645b4278ea5304009cb5a34cb024bfbf158691?s=96&d=mm&r=g\",\"caption\":\"CADR\"},\"url\":\"https:\\\/\\\/cadr.redemptor.pl\\\/krakow\\\/author\\\/admin\\\/\"}]}<\/script>\n<!-- \/ Yoast SEO plugin. -->","yoast_head_json":{"title":"Nazwa\u0142em was przyjaci\u00f3\u0142mi - CADR Krak\u00f3w","robots":{"index":"index","follow":"follow","max-snippet":"max-snippet:-1","max-image-preview":"max-image-preview:large","max-video-preview":"max-video-preview:-1"},"canonical":"https:\/\/cadr.redemptor.pl\/krakow\/2016\/12\/11\/nazwalem-was-przyjaciolmi\/","og_locale":"pl_PL","og_type":"article","og_title":"Nazwa\u0142em was przyjaci\u00f3\u0142mi - CADR Krak\u00f3w","og_description":"W dniach 9 &#8211; 11 grudnia 2016 w Domu Rekolekcyjnym Matki Bo\u017cej Pomocy w Krakowie odby\u0142 si\u0119 kurs modlitwy wstawienniczej. Prowadzili go pani Krystyna Sobczyk, odpowiedzialna za grupy modlitwy wstawienniczej &hellip; Czytaj dalej \u201eNazwa\u0142em was przyjaci\u00f3\u0142mi\u201d","og_url":"https:\/\/cadr.redemptor.pl\/krakow\/2016\/12\/11\/nazwalem-was-przyjaciolmi\/","og_site_name":"CADR Krak\u00f3w","article_published_time":"2016-12-11T08:31:17+00:00","article_modified_time":"2017-05-30T08:39:33+00:00","og_image":[{"width":1280,"height":852,"url":"https:\/\/cadr.redemptor.pl\/krakow\/wp-content\/uploads\/sites\/2\/2016\/12\/przyjazn2.jpg","type":"image\/jpeg"}],"author":"CADR","twitter_card":"summary_large_image","twitter_misc":{"Napisane przez":"CADR","Szacowany czas czytania":"1 minuta"},"schema":{"@context":"https:\/\/schema.org","@graph":[{"@type":"Article","@id":"https:\/\/cadr.redemptor.pl\/krakow\/2016\/12\/11\/nazwalem-was-przyjaciolmi\/#article","isPartOf":{"@id":"https:\/\/cadr.redemptor.pl\/krakow\/2016\/12\/11\/nazwalem-was-przyjaciolmi\/"},"author":{"name":"CADR","@id":"https:\/\/cadr.redemptor.pl\/krakow\/#\/schema\/person\/65335af2f2c18dfb78eb5fbc2cb9128b"},"headline":"Nazwa\u0142em was przyjaci\u00f3\u0142mi","datePublished":"2016-12-11T08:31:17+00:00","dateModified":"2017-05-30T08:39:33+00:00","mainEntityOfPage":{"@id":"https:\/\/cadr.redemptor.pl\/krakow\/2016\/12\/11\/nazwalem-was-przyjaciolmi\/"},"wordCount":241,"commentCount":0,"image":{"@id":"https:\/\/cadr.redemptor.pl\/krakow\/2016\/12\/11\/nazwalem-was-przyjaciolmi\/#primaryimage"},"thumbnailUrl":"https:\/\/cadr.redemptor.pl\/krakow\/wp-content\/uploads\/sites\/2\/2016\/12\/przyjazn2.jpg","articleSection":["Aktualno\u015bci"],"inLanguage":"pl-PL","potentialAction":[{"@type":"CommentAction","name":"Comment","target":["https:\/\/cadr.redemptor.pl\/krakow\/2016\/12\/11\/nazwalem-was-przyjaciolmi\/#respond"]}]},{"@type":"WebPage","@id":"https:\/\/cadr.redemptor.pl\/krakow\/2016\/12\/11\/nazwalem-was-przyjaciolmi\/","url":"https:\/\/cadr.redemptor.pl\/krakow\/2016\/12\/11\/nazwalem-was-przyjaciolmi\/","name":"Nazwa\u0142em was przyjaci\u00f3\u0142mi - CADR Krak\u00f3w","isPartOf":{"@id":"https:\/\/cadr.redemptor.pl\/krakow\/#website"},"primaryImageOfPage":{"@id":"https:\/\/cadr.redemptor.pl\/krakow\/2016\/12\/11\/nazwalem-was-przyjaciolmi\/#primaryimage"},"image":{"@id":"https:\/\/cadr.redemptor.pl\/krakow\/2016\/12\/11\/nazwalem-was-przyjaciolmi\/#primaryimage"},"thumbnailUrl":"https:\/\/cadr.redemptor.pl\/krakow\/wp-content\/uploads\/sites\/2\/2016\/12\/przyjazn2.jpg","datePublished":"2016-12-11T08:31:17+00:00","dateModified":"2017-05-30T08:39:33+00:00","author":{"@id":"https:\/\/cadr.redemptor.pl\/krakow\/#\/schema\/person\/65335af2f2c18dfb78eb5fbc2cb9128b"},"breadcrumb":{"@id":"https:\/\/cadr.redemptor.pl\/krakow\/2016\/12\/11\/nazwalem-was-przyjaciolmi\/#breadcrumb"},"inLanguage":"pl-PL","potentialAction":[{"@type":"ReadAction","target":["https:\/\/cadr.redemptor.pl\/krakow\/2016\/12\/11\/nazwalem-was-przyjaciolmi\/"]}]},{"@type":"ImageObject","inLanguage":"pl-PL","@id":"https:\/\/cadr.redemptor.pl\/krakow\/2016\/12\/11\/nazwalem-was-przyjaciolmi\/#primaryimage","url":"https:\/\/cadr.redemptor.pl\/krakow\/wp-content\/uploads\/sites\/2\/2016\/12\/przyjazn2.jpg","contentUrl":"https:\/\/cadr.redemptor.pl\/krakow\/wp-content\/uploads\/sites\/2\/2016\/12\/przyjazn2.jpg","width":1280,"height":852},{"@type":"BreadcrumbList","@id":"https:\/\/cadr.redemptor.pl\/krakow\/2016\/12\/11\/nazwalem-was-przyjaciolmi\/#breadcrumb","itemListElement":[{"@type":"ListItem","position":1,"name":"Strona g\u0142\u00f3wna","item":"https:\/\/cadr.redemptor.pl\/krakow\/"},{"@type":"ListItem","position":2,"name":"Nazwa\u0142em was przyjaci\u00f3\u0142mi"}]},{"@type":"WebSite","@id":"https:\/\/cadr.redemptor.pl\/krakow\/#website","url":"https:\/\/cadr.redemptor.pl\/krakow\/","name":"CADR Krak\u00f3w","description":"Dom Rekolekcyjny Matki Bo\u017cej Nieustaj\u0105cej Pomocy","potentialAction":[{"@type":"SearchAction","target":{"@type":"EntryPoint","urlTemplate":"https:\/\/cadr.redemptor.pl\/krakow\/?s={search_term_string}"},"query-input":{"@type":"PropertyValueSpecification","valueRequired":true,"valueName":"search_term_string"}}],"inLanguage":"pl-PL"},{"@type":"Person","@id":"https:\/\/cadr.redemptor.pl\/krakow\/#\/schema\/person\/65335af2f2c18dfb78eb5fbc2cb9128b","name":"CADR","image":{"@type":"ImageObject","inLanguage":"pl-PL","@id":"https:\/\/secure.gravatar.com\/avatar\/200b93d32f585e4b9aa74bcff9645b4278ea5304009cb5a34cb024bfbf158691?s=96&d=mm&r=g","url":"https:\/\/secure.gravatar.com\/avatar\/200b93d32f585e4b9aa74bcff9645b4278ea5304009cb5a34cb024bfbf158691?s=96&d=mm&r=g","contentUrl":"https:\/\/secure.gravatar.com\/avatar\/200b93d32f585e4b9aa74bcff9645b4278ea5304009cb5a34cb024bfbf158691?s=96&d=mm&r=g","caption":"CADR"},"url":"https:\/\/cadr.redemptor.pl\/krakow\/author\/admin\/"}]}},"jetpack_publicize_connections":[],"jetpack_featured_media_url":"https:\/\/cadr.redemptor.pl\/krakow\/wp-content\/uploads\/sites\/2\/2016\/12\/przyjazn2.jpg","jetpack_sharing_enabled":true,"jetpack_shortlink":"https:\/\/wp.me\/p7Qs26-1u","_links":{"self":[{"href":"https:\/\/cadr.redemptor.pl\/krakow\/wp-json\/wp\/v2\/posts\/92","targetHints":{"allow":["GET"]}}],"collection":[{"href":"https:\/\/cadr.redemptor.pl\/krakow\/wp-json\/wp\/v2\/posts"}],"about":[{"href":"https:\/\/cadr.redemptor.pl\/krakow\/wp-json\/wp\/v2\/types\/post"}],"author":[{"embeddable":true,"href":"https:\/\/cadr.redemptor.pl\/krakow\/wp-json\/wp\/v2\/users\/1"}],"replies":[{"embeddable":true,"href":"https:\/\/cadr.redemptor.pl\/krakow\/wp-json\/wp\/v2\/comments?post=92"}],"version-history":[{"count":7,"href":"https:\/\/cadr.redemptor.pl\/krakow\/wp-json\/wp\/v2\/posts\/92\/revisions"}],"predecessor-version":[{"id":207,"href":"https:\/\/cadr.redemptor.pl\/krakow\/wp-json\/wp\/v2\/posts\/92\/revisions\/207"}],"wp:featuredmedia":[{"embeddable":true,"href":"https:\/\/cadr.redemptor.pl\/krakow\/wp-json\/wp\/v2\/media\/95"}],"wp:attachment":[{"href":"https:\/\/cadr.redemptor.pl\/krakow\/wp-json\/wp\/v2\/media?parent=92"}],"wp:term":[{"taxonomy":"category","embeddable":true,"href":"https:\/\/cadr.redemptor.pl\/krakow\/wp-json\/wp\/v2\/categories?post=92"},{"taxonomy":"post_tag","embeddable":true,"href":"https:\/\/cadr.redemptor.pl\/krakow\/wp-json\/wp\/v2\/tags?post=92"}],"curies":[{"name":"wp","href":"https:\/\/api.w.org\/{rel}","templated":true}]}}